{"id":4302,"date":"2026-09-04T13:38:07","date_gmt":"2026-09-04T11:38:07","guid":{"rendered":"https:\/\/eajpnvirun.eus\/?p=4302"},"modified":"2026-09-04T13:38:07","modified_gmt":"2026-09-04T11:38:07","slug":"gorka-alvarez-aranburu-trabajar-con-ilusion","status":"publish","type":"post","link":"https:\/\/eajpnvirun.eus\/es\/gorka-alvarez-aranburu-trabajar-con-ilusion\/","title":{"rendered":"Gorka \u00c1lvarez Aranburu: \u00abTrabajar con ilusi\u00f3n\u00bb"},"content":{"rendered":"<p>Septiembre siempre tiene algo de comienzo. Volvemos a la rutina, a los colegios, al trabajo, a las calles llenas y tambi\u00e9n a esos peque\u00f1os proyectos que dejamos aparcados durante el verano. Dejamos atr\u00e1s la desconexi\u00f3n, los atardeceres y los encuentros de verano para que septiembre sea buen momento para mirar hacia adelante y planificar la recta final del a\u00f1o.<\/p>\n<p>Irun no ha parado este verano. Han sido numerosas las tem\u00e1ticas sobre las que hemos tenido que poner la atenci\u00f3n para atender el d\u00eda a d\u00eda. A destacar, los grandes flujos de tr\u00e1fico que soporta la ciudad en las operaciones de salida y retorno vacacional que atraviesan el Bidasoa. Ha quedado demostrado, una vez m\u00e1s, que cuando Biriatu se aligera, las aglomeraciones de tr\u00e1fico y las retenciones se reducen considerablemente. M\u00e1s all\u00e1 de esto, otro tipo de pol\u00e9mica preelectoral no tiene cabida, siendo conscientes de la inversi\u00f3n que va a realizar Diputaci\u00f3n Foral de Gipuzkoa en infraestructuras viarias.<\/p>\n<p>Seguimos trabajando con ilusi\u00f3n porque Irun tiene por delante una etapa importante. Una ciudad con muchas fortalezas, pero tambi\u00e9n con retos que no podemos seguir aplazando: la vivienda, la movilidad, los barrios, el deporte y sus infraestructuras, la seguridad, los espacios p\u00fablicos, las oportunidades para la juventud o los retos del cambio clim\u00e1tico. Y tenemos que ser capaces de hacer m\u00e1s. Y, sobre todo, de hacerlo de otra manera: escuchando m\u00e1s, planificando mejor con otras instituciones tambi\u00e9n y tomando decisiones pensando en el Irun de los pr\u00f3ximos a\u00f1os, no \u00fanicamente en el corto plazo.<\/p>\n<p>Somos conscientes del reto y seguiremos trabajando en ofrecer a la ciudadan\u00eda irundarra un proyecto ilusionante porque nuestra ciudad necesita recuperar la ambici\u00f3n. Lo hemos hecho siempre y lo venimos haciendo desde nuestra entrada al Gobierno municipal. Y lo seguiremos haciendo pregunt\u00e1ndonos y preguntando qu\u00e9 ciudad queremos construir, qu\u00e9 queremos mejorar y qu\u00e9 podemos hacer para que Irun vuelva a mirar al futuro con confianza.<\/p>\n<p>Este curso quiero seguir recorriendo la ciudad, hablando con los vecinos y las vecinas, escuchando a los barrios y recogiendo propuestas. Porque un proyecto para Irun no puede construirse desde un despacho. Tiene que construirse desde la calle y con las personas que viven la ciudad cada d\u00eda.<\/p>\n<p>Septiembre es tiempo de volver. De ponerse en marcha. De mirar hacia adelante. De ilusionarse.<\/p>\n<p>Tenemos mucho por hacer. Ten\u00e9is mucho por decir. E Irun tiene muchas ganas de decir y hacerlo.<\/p>\n<p>Empecemos.<\/p>\n<p>&nbsp;<\/p>\n<p style=\"text-align: center\"><strong>Gorka \u00c1lvarez Aranburu<\/strong><\/p>\n<p style=\"text-align: center\"><strong>Portavoz de Irungo EAJ-PNV<\/strong><\/p>\n","protected":false},"excerpt":{"rendered":"<p>Septiembre siempre tiene algo de comienzo. Volvemos a la rutina, a los colegios, al trabajo, a las calles llenas y  [&#8230;]<\/p>\n","protected":false},"author":2,"featured_media":4303,"comment_status":"open","ping_status":"open","sticky":false,"template":"","format":"standard","meta":{"footnotes":""},"categories":[19],"tags":[],"class_list":["post-4302","post","type-post","status-publish","format-standard","has-post-thumbnail","hentry","category-irun"],"yoast_head":"<!-- This site is optimized with the Yoast SEO plugin v27.9 - https:\/\/yoast.com\/product\/yoast-seo-wordpress\/ -->\n<title>Gorka \u00c1lvarez Aranburu: &quot;Trabajar con ilusi\u00f3n&quot; - Irungo EAJ-PNV<\/title>\n<meta name=\"description\" content=\"Septiembre es tiempo de volver. De ponerse en marcha. De mirar hacia adelante. De ilusionarse. Tenemos mucho por hacer. Ten\u00e9is mucho por decir. E Irun tiene muchas ganas de decir y hacerlo\" \/>\n<meta name=\"robots\" content=\"index, follow, max-snippet:-1, max-image-preview:large, max-video-preview:-1\" \/>\n<link rel=\"canonical\" href=\"https:\/\/eajpnvirun.eus\/es\/gorka-alvarez-aranburu-trabajar-con-ilusion\/\" \/>\n<meta property=\"og:locale\" content=\"es_ES\" \/>\n<meta property=\"og:type\" content=\"article\" \/>\n<meta property=\"og:title\" content=\"Gorka \u00c1lvarez Aranburu: &quot;Trabajar con ilusi\u00f3n&quot; - Irungo EAJ-PNV\" \/>\n<meta property=\"og:description\" content=\"Septiembre es tiempo de volver. De ponerse en marcha. De mirar hacia adelante. De ilusionarse. Tenemos mucho por hacer. Ten\u00e9is mucho por decir. E Irun tiene muchas ganas de decir y hacerlo\" \/>\n<meta property=\"og:url\" content=\"https:\/\/eajpnvirun.eus\/es\/gorka-alvarez-aranburu-trabajar-con-ilusion\/\" \/>\n<meta property=\"og:site_name\" content=\"Irungo EAJ-PNV\" \/>\n<meta property=\"article:published_time\" content=\"2026-09-04T11:38:07+00:00\" \/>\n<meta property=\"og:image\" content=\"http:\/\/eajpnvirun.eus\/wp-content\/uploads\/2026\/09\/Gorka-Alvarez-Aranburu-scaled.jpg\" \/>\n\t<meta property=\"og:image:width\" content=\"2560\" \/>\n\t<meta property=\"og:image:height\" content=\"2038\" \/>\n\t<meta property=\"og:image:type\" content=\"image\/jpeg\" \/>\n<meta name=\"author\" content=\"Irungo EAJ-PNV\" \/>\n<meta name=\"twitter:card\" content=\"summary_large_image\" \/>\n<meta name=\"twitter:label1\" content=\"Escrito por\" \/>\n\t<meta name=\"twitter:data1\" content=\"Irungo EAJ-PNV\" \/>\n\t<meta name=\"twitter:label2\" content=\"Tiempo de lectura\" \/>\n\t<meta name=\"twitter:data2\" content=\"1 minuto\" \/>\n<script type=\"application\/ld+json\" class=\"yoast-schema-graph\">{\"@context\":\"https:\\\/\\\/schema.org\",\"@graph\":[{\"@type\":\"Article\",\"@id\":\"https:\\\/\\\/eajpnvirun.eus\\\/es\\\/gorka-alvarez-aranburu-trabajar-con-ilusion\\\/#article\",\"isPartOf\":{\"@id\":\"https:\\\/\\\/eajpnvirun.eus\\\/es\\\/gorka-alvarez-aranburu-trabajar-con-ilusion\\\/\"},\"author\":{\"name\":\"Irungo EAJ-PNV\",\"@id\":\"https:\\\/\\\/eajpnvirun.eus\\\/es\\\/#\\\/schema\\\/person\\\/648df0bc228220ede024617789340904\"},\"headline\":\"Gorka \u00c1lvarez Aranburu: \u00abTrabajar con ilusi\u00f3n\u00bb\",\"datePublished\":\"2026-09-04T11:38:07+00:00\",\"mainEntityOfPage\":{\"@id\":\"https:\\\/\\\/eajpnvirun.eus\\\/es\\\/gorka-alvarez-aranburu-trabajar-con-ilusion\\\/\"},\"wordCount\":442,\"commentCount\":0,\"image\":{\"@id\":\"https:\\\/\\\/eajpnvirun.eus\\\/es\\\/gorka-alvarez-aranburu-trabajar-con-ilusion\\\/#primaryimage\"},\"thumbnailUrl\":\"https:\\\/\\\/eajpnvirun.eus\\\/wp-content\\\/uploads\\\/2026\\\/09\\\/Gorka-Alvarez-Aranburu-scaled.jpg\",\"articleSection\":[\"Irun\"],\"inLanguage\":\"es\",\"potentialAction\":[{\"@type\":\"CommentAction\",\"name\":\"Comment\",\"target\":[\"https:\\\/\\\/eajpnvirun.eus\\\/es\\\/gorka-alvarez-aranburu-trabajar-con-ilusion\\\/#respond\"]}]},{\"@type\":\"WebPage\",\"@id\":\"https:\\\/\\\/eajpnvirun.eus\\\/es\\\/gorka-alvarez-aranburu-trabajar-con-ilusion\\\/\",\"url\":\"https:\\\/\\\/eajpnvirun.eus\\\/es\\\/gorka-alvarez-aranburu-trabajar-con-ilusion\\\/\",\"name\":\"Gorka \u00c1lvarez Aranburu: \\\"Trabajar con ilusi\u00f3n\\\" - Irungo EAJ-PNV\",\"isPartOf\":{\"@id\":\"https:\\\/\\\/eajpnvirun.eus\\\/es\\\/#website\"},\"primaryImageOfPage\":{\"@id\":\"https:\\\/\\\/eajpnvirun.eus\\\/es\\\/gorka-alvarez-aranburu-trabajar-con-ilusion\\\/#primaryimage\"},\"image\":{\"@id\":\"https:\\\/\\\/eajpnvirun.eus\\\/es\\\/gorka-alvarez-aranburu-trabajar-con-ilusion\\\/#primaryimage\"},\"thumbnailUrl\":\"https:\\\/\\\/eajpnvirun.eus\\\/wp-content\\\/uploads\\\/2026\\\/09\\\/Gorka-Alvarez-Aranburu-scaled.jpg\",\"datePublished\":\"2026-09-04T11:38:07+00:00\",\"author\":{\"@id\":\"https:\\\/\\\/eajpnvirun.eus\\\/es\\\/#\\\/schema\\\/person\\\/648df0bc228220ede024617789340904\"},\"description\":\"Septiembre es tiempo de volver. De ponerse en marcha. De mirar hacia adelante. De ilusionarse. Tenemos mucho por hacer. Ten\u00e9is mucho por decir. E Irun tiene muchas ganas de decir y hacerlo\",\"breadcrumb\":{\"@id\":\"https:\\\/\\\/eajpnvirun.eus\\\/es\\\/gorka-alvarez-aranburu-trabajar-con-ilusion\\\/#breadcrumb\"},\"inLanguage\":\"es\",\"potentialAction\":[{\"@type\":\"ReadAction\",\"target\":[\"https:\\\/\\\/eajpnvirun.eus\\\/es\\\/gorka-alvarez-aranburu-trabajar-con-ilusion\\\/\"]}]},{\"@type\":\"ImageObject\",\"inLanguage\":\"es\",\"@id\":\"https:\\\/\\\/eajpnvirun.eus\\\/es\\\/gorka-alvarez-aranburu-trabajar-con-ilusion\\\/#primaryimage\",\"url\":\"https:\\\/\\\/eajpnvirun.eus\\\/wp-content\\\/uploads\\\/2026\\\/09\\\/Gorka-Alvarez-Aranburu-scaled.jpg\",\"contentUrl\":\"https:\\\/\\\/eajpnvirun.eus\\\/wp-content\\\/uploads\\\/2026\\\/09\\\/Gorka-Alvarez-Aranburu-scaled.jpg\",\"width\":2560,\"height\":2038},{\"@type\":\"BreadcrumbList\",\"@id\":\"https:\\\/\\\/eajpnvirun.eus\\\/es\\\/gorka-alvarez-aranburu-trabajar-con-ilusion\\\/#breadcrumb\",\"itemListElement\":[{\"@type\":\"ListItem\",\"position\":1,\"name\":\"Portada\",\"item\":\"https:\\\/\\\/eajpnvirun.eus\\\/es\\\/\"},{\"@type\":\"ListItem\",\"position\":2,\"name\":\"Gorka \u00c1lvarez Aranburu: \u00abTrabajar con ilusi\u00f3n\u00bb\"}]},{\"@type\":\"WebSite\",\"@id\":\"https:\\\/\\\/eajpnvirun.eus\\\/es\\\/#website\",\"url\":\"https:\\\/\\\/eajpnvirun.eus\\\/es\\\/\",\"name\":\"Irungo EAJ-PNV\",\"description\":\"Grupo municipal de Irun\",\"potentialAction\":[{\"@type\":\"SearchAction\",\"target\":{\"@type\":\"EntryPoint\",\"urlTemplate\":\"https:\\\/\\\/eajpnvirun.eus\\\/es\\\/?s={search_term_string}\"},\"query-input\":{\"@type\":\"PropertyValueSpecification\",\"valueRequired\":true,\"valueName\":\"search_term_string\"}}],\"inLanguage\":\"es\"},{\"@type\":\"Person\",\"@id\":\"https:\\\/\\\/eajpnvirun.eus\\\/es\\\/#\\\/schema\\\/person\\\/648df0bc228220ede024617789340904\",\"name\":\"Irungo EAJ-PNV\",\"image\":{\"@type\":\"ImageObject\",\"inLanguage\":\"es\",\"@id\":\"https:\\\/\\\/secure.gravatar.com\\\/avatar\\\/e05b380a1351152a24fc7a4404deaf8ecffc395412f5928b047939fba990fdb8?s=96&d=mm&r=g\",\"url\":\"https:\\\/\\\/secure.gravatar.com\\\/avatar\\\/e05b380a1351152a24fc7a4404deaf8ecffc395412f5928b047939fba990fdb8?s=96&d=mm&r=g\",\"contentUrl\":\"https:\\\/\\\/secure.gravatar.com\\\/avatar\\\/e05b380a1351152a24fc7a4404deaf8ecffc395412f5928b047939fba990fdb8?s=96&d=mm&r=g\",\"caption\":\"Irungo EAJ-PNV\"},\"url\":\"https:\\\/\\\/eajpnvirun.eus\\\/es\\\/author\\\/ekaitz\\\/\"}]}<\/script>\n<!-- \/ Yoast SEO plugin. -->","yoast_head_json":{"title":"Gorka \u00c1lvarez Aranburu: \"Trabajar con ilusi\u00f3n\" - Irungo EAJ-PNV","description":"Septiembre es tiempo de volver. De ponerse en marcha. De mirar hacia adelante. De ilusionarse. Tenemos mucho por hacer. Ten\u00e9is mucho por decir. E Irun tiene muchas ganas de decir y hacerlo","robots":{"index":"index","follow":"follow","max-snippet":"max-snippet:-1","max-image-preview":"max-image-preview:large","max-video-preview":"max-video-preview:-1"},"canonical":"https:\/\/eajpnvirun.eus\/es\/gorka-alvarez-aranburu-trabajar-con-ilusion\/","og_locale":"es_ES","og_type":"article","og_title":"Gorka \u00c1lvarez Aranburu: \"Trabajar con ilusi\u00f3n\" - Irungo EAJ-PNV","og_description":"Septiembre es tiempo de volver. De ponerse en marcha. De mirar hacia adelante. De ilusionarse. Tenemos mucho por hacer. Ten\u00e9is mucho por decir. E Irun tiene muchas ganas de decir y hacerlo","og_url":"https:\/\/eajpnvirun.eus\/es\/gorka-alvarez-aranburu-trabajar-con-ilusion\/","og_site_name":"Irungo EAJ-PNV","article_published_time":"2026-09-04T11:38:07+00:00","og_image":[{"width":2560,"height":2038,"url":"http:\/\/eajpnvirun.eus\/wp-content\/uploads\/2026\/09\/Gorka-Alvarez-Aranburu-scaled.jpg","type":"image\/jpeg"}],"author":"Irungo EAJ-PNV","twitter_card":"summary_large_image","twitter_misc":{"Escrito por":"Irungo EAJ-PNV","Tiempo de lectura":"1 minuto"},"schema":{"@context":"https:\/\/schema.org","@graph":[{"@type":"Article","@id":"https:\/\/eajpnvirun.eus\/es\/gorka-alvarez-aranburu-trabajar-con-ilusion\/#article","isPartOf":{"@id":"https:\/\/eajpnvirun.eus\/es\/gorka-alvarez-aranburu-trabajar-con-ilusion\/"},"author":{"name":"Irungo EAJ-PNV","@id":"https:\/\/eajpnvirun.eus\/es\/#\/schema\/person\/648df0bc228220ede024617789340904"},"headline":"Gorka \u00c1lvarez Aranburu: \u00abTrabajar con ilusi\u00f3n\u00bb","datePublished":"2026-09-04T11:38:07+00:00","mainEntityOfPage":{"@id":"https:\/\/eajpnvirun.eus\/es\/gorka-alvarez-aranburu-trabajar-con-ilusion\/"},"wordCount":442,"commentCount":0,"image":{"@id":"https:\/\/eajpnvirun.eus\/es\/gorka-alvarez-aranburu-trabajar-con-ilusion\/#primaryimage"},"thumbnailUrl":"https:\/\/eajpnvirun.eus\/wp-content\/uploads\/2026\/09\/Gorka-Alvarez-Aranburu-scaled.jpg","articleSection":["Irun"],"inLanguage":"es","potentialAction":[{"@type":"CommentAction","name":"Comment","target":["https:\/\/eajpnvirun.eus\/es\/gorka-alvarez-aranburu-trabajar-con-ilusion\/#respond"]}]},{"@type":"WebPage","@id":"https:\/\/eajpnvirun.eus\/es\/gorka-alvarez-aranburu-trabajar-con-ilusion\/","url":"https:\/\/eajpnvirun.eus\/es\/gorka-alvarez-aranburu-trabajar-con-ilusion\/","name":"Gorka \u00c1lvarez Aranburu: \"Trabajar con ilusi\u00f3n\" - Irungo EAJ-PNV","isPartOf":{"@id":"https:\/\/eajpnvirun.eus\/es\/#website"},"primaryImageOfPage":{"@id":"https:\/\/eajpnvirun.eus\/es\/gorka-alvarez-aranburu-trabajar-con-ilusion\/#primaryimage"},"image":{"@id":"https:\/\/eajpnvirun.eus\/es\/gorka-alvarez-aranburu-trabajar-con-ilusion\/#primaryimage"},"thumbnailUrl":"https:\/\/eajpnvirun.eus\/wp-content\/uploads\/2026\/09\/Gorka-Alvarez-Aranburu-scaled.jpg","datePublished":"2026-09-04T11:38:07+00:00","author":{"@id":"https:\/\/eajpnvirun.eus\/es\/#\/schema\/person\/648df0bc228220ede024617789340904"},"description":"Septiembre es tiempo de volver. De ponerse en marcha. De mirar hacia adelante. De ilusionarse. Tenemos mucho por hacer. Ten\u00e9is mucho por decir. E Irun tiene muchas ganas de decir y hacerlo","breadcrumb":{"@id":"https:\/\/eajpnvirun.eus\/es\/gorka-alvarez-aranburu-trabajar-con-ilusion\/#breadcrumb"},"inLanguage":"es","potentialAction":[{"@type":"ReadAction","target":["https:\/\/eajpnvirun.eus\/es\/gorka-alvarez-aranburu-trabajar-con-ilusion\/"]}]},{"@type":"ImageObject","inLanguage":"es","@id":"https:\/\/eajpnvirun.eus\/es\/gorka-alvarez-aranburu-trabajar-con-ilusion\/#primaryimage","url":"https:\/\/eajpnvirun.eus\/wp-content\/uploads\/2026\/09\/Gorka-Alvarez-Aranburu-scaled.jpg","contentUrl":"https:\/\/eajpnvirun.eus\/wp-content\/uploads\/2026\/09\/Gorka-Alvarez-Aranburu-scaled.jpg","width":2560,"height":2038},{"@type":"BreadcrumbList","@id":"https:\/\/eajpnvirun.eus\/es\/gorka-alvarez-aranburu-trabajar-con-ilusion\/#breadcrumb","itemListElement":[{"@type":"ListItem","position":1,"name":"Portada","item":"https:\/\/eajpnvirun.eus\/es\/"},{"@type":"ListItem","position":2,"name":"Gorka \u00c1lvarez Aranburu: \u00abTrabajar con ilusi\u00f3n\u00bb"}]},{"@type":"WebSite","@id":"https:\/\/eajpnvirun.eus\/es\/#website","url":"https:\/\/eajpnvirun.eus\/es\/","name":"Irungo EAJ-PNV","description":"Grupo municipal de Irun","potentialAction":[{"@type":"SearchAction","target":{"@type":"EntryPoint","urlTemplate":"https:\/\/eajpnvirun.eus\/es\/?s={search_term_string}"},"query-input":{"@type":"PropertyValueSpecification","valueRequired":true,"valueName":"search_term_string"}}],"inLanguage":"es"},{"@type":"Person","@id":"https:\/\/eajpnvirun.eus\/es\/#\/schema\/person\/648df0bc228220ede024617789340904","name":"Irungo EAJ-PNV","image":{"@type":"ImageObject","inLanguage":"es","@id":"https:\/\/secure.gravatar.com\/avatar\/e05b380a1351152a24fc7a4404deaf8ecffc395412f5928b047939fba990fdb8?s=96&d=mm&r=g","url":"https:\/\/secure.gravatar.com\/avatar\/e05b380a1351152a24fc7a4404deaf8ecffc395412f5928b047939fba990fdb8?s=96&d=mm&r=g","contentUrl":"https:\/\/secure.gravatar.com\/avatar\/e05b380a1351152a24fc7a4404deaf8ecffc395412f5928b047939fba990fdb8?s=96&d=mm&r=g","caption":"Irungo EAJ-PNV"},"url":"https:\/\/eajpnvirun.eus\/es\/author\/ekaitz\/"}]}},"_links":{"self":[{"href":"https:\/\/eajpnvirun.eus\/es\/wp-json\/wp\/v2\/posts\/4302","targetHints":{"allow":["GET"]}}],"collection":[{"href":"https:\/\/eajpnvirun.eus\/es\/wp-json\/wp\/v2\/posts"}],"about":[{"href":"https:\/\/eajpnvirun.eus\/es\/wp-json\/wp\/v2\/types\/post"}],"author":[{"embeddable":true,"href":"https:\/\/eajpnvirun.eus\/es\/wp-json\/wp\/v2\/users\/2"}],"replies":[{"embeddable":true,"href":"https:\/\/eajpnvirun.eus\/es\/wp-json\/wp\/v2\/comments?post=4302"}],"version-history":[{"count":2,"href":"https:\/\/eajpnvirun.eus\/es\/wp-json\/wp\/v2\/posts\/4302\/revisions"}],"predecessor-version":[{"id":4306,"href":"https:\/\/eajpnvirun.eus\/es\/wp-json\/wp\/v2\/posts\/4302\/revisions\/4306"}],"wp:featuredmedia":[{"embeddable":true,"href":"https:\/\/eajpnvirun.eus\/es\/wp-json\/wp\/v2\/media\/4303"}],"wp:attachment":[{"href":"https:\/\/eajpnvirun.eus\/es\/wp-json\/wp\/v2\/media?parent=4302"}],"wp:term":[{"taxonomy":"category","embeddable":true,"href":"https:\/\/eajpnvirun.eus\/es\/wp-json\/wp\/v2\/categories?post=4302"},{"taxonomy":"post_tag","embeddable":true,"href":"https:\/\/eajpnvirun.eus\/es\/wp-json\/wp\/v2\/tags?post=4302"}],"curies":[{"name":"wp","href":"https:\/\/api.w.org\/{rel}","templated":true}]}}