{"id":4296,"date":"2026-08-31T14:18:08","date_gmt":"2026-08-31T12:18:08","guid":{"rendered":"https:\/\/eajpnvirun.eus\/?p=4296"},"modified":"2026-08-31T14:18:08","modified_gmt":"2026-08-31T12:18:08","slug":"irungo-eaj-pnv-refuerza-la-memoria-institucional-de-1936-con-un-amplio-programa-por-el-90-aniversario","status":"publish","type":"post","link":"https:\/\/eajpnvirun.eus\/es\/irungo-eaj-pnv-refuerza-la-memoria-institucional-de-1936-con-un-amplio-programa-por-el-90-aniversario\/","title":{"rendered":"Irungo EAJ-PNV refuerza la memoria institucional de 1936 con un amplio programa por el 90 aniversario"},"content":{"rendered":"<p><em><u>El grupo jeltzale reivindica el compromiso adquirido desde el Gobierno municipal para recordar la ocupaci\u00f3n y el asedio de la ciudad y reconocer a quienes sufrieron la violencia y la represi\u00f3n despu\u00e9s de varios a\u00f1os sin realizar ning\u00fan acto<\/u><\/em><\/p>\n<p>Esta semana Irun vivir\u00e1 en un recuerdo permanente a los hechos ocurridos hace 90 a\u00f1os en la ciudad y es por eso que Irungo EAJ-PNV quiere poner en valor el trabajo que se est\u00e1 realizando desde el Ayuntamiento de Irun para recuperar y reforzar la memoria democr\u00e1tica de la ciudad. El \u00e1rea de Memoria Democr\u00e1tica, gestionada por el grupo jeltzale tras la entrada en el Gobierno municipal, ha preparado una amplia programaci\u00f3n bajo el t\u00edtulo \u2018Irun 1936-2026\u2019, con exposiciones, actos institucionales, recreaciones hist\u00f3ricas y conferencias.<\/p>\n<p>Durante los \u00faltimos a\u00f1os no se han celebrado actos institucionales para recordar aquellos acontecimientos y la llegada del Partido Nacionalista Vasco al Gobierno municipal permiti\u00f3 recuperar en 2025 ese compromiso del Ayuntamiento con un acto de recuerdo y diferentes coloquios. Este a\u00f1o se da un paso m\u00e1s con una programaci\u00f3n especialmente amplia coincidiendo con el 90\u00ba aniversario para recordar a quienes sufrieron la violencia y la represi\u00f3n, recuperar sus historias y trasladar a las nuevas generaciones los valores de convivencia, democracia y respeto a los derechos humanos.<\/p>\n<p>El delegado jeltzale de Memoria Democr\u00e1tica en el Ayuntamiento de Irun, <strong>Gorka \u00c1lvarez<\/strong>, ha se\u00f1alado que <em>\u201ccuando asumimos la responsabilidad de gestionar la Memoria Democr\u00e1tica en el Ayuntamiento ten\u00edamos claro que Irun no pod\u00eda dejar pasar por alto una parte tan importante de su historia. El a\u00f1o pasado recuperamos el acto institucional de recuerdo y este a\u00f1o, coincidiendo con el 90 aniversario, damos un paso adelante con un programa amplio que permitir\u00e1 recrear, escuchar, recordar y ponernos en la piel de aquella ciudadan\u00eda irundarra\u00bb.<\/em><\/p>\n<p>Irungo EAJ-PNV considera que el programa \u2018Irun 1936-2026\u2019 demuestra que cuando existe voluntad pol\u00edtica, la memoria democr\u00e1tica puede ocupar el lugar que merece en la agenda institucional de la ciudad. <em>\u201cHemos recuperado el acto institucional y estamos dando continuidad a ese trabajo. Este a\u00f1o, adem\u00e1s, queremos que el 90\u00ba aniversario sirva para que toda Irun conozca, recuerde y reconozca lo que ocurri\u00f3 hace 90 a\u00f1os, pero queremos que en los pr\u00f3ximos a\u00f1os la ciudad siga recordando los hechos de 1936\u201d.<\/em><\/p>\n","protected":false},"excerpt":{"rendered":"<p>El grupo jeltzale reivindica el compromiso adquirido desde el Gobierno municipal para recordar la ocupaci\u00f3n y el asedio de la  [&#8230;]<\/p>\n","protected":false},"author":2,"featured_media":4297,"comment_status":"open","ping_status":"open","sticky":false,"template":"","format":"standard","meta":{"footnotes":""},"categories":[19],"tags":[],"class_list":["post-4296","post","type-post","status-publish","format-standard","has-post-thumbnail","hentry","category-irun"],"yoast_head":"<!-- This site is optimized with the Yoast SEO plugin v27.9 - https:\/\/yoast.com\/product\/yoast-seo-wordpress\/ -->\n<title>Irungo EAJ-PNV refuerza la memoria institucional de 1936 - Irungo EAJ-PNV<\/title>\n<meta name=\"description\" content=\"El grupo jeltzale reivindica el compromiso adquirido desde el Gobierno municipal para recordar la ocupaci\u00f3n y el asedio de la ciudad\" \/>\n<meta name=\"robots\" content=\"index, follow, max-snippet:-1, max-image-preview:large, max-video-preview:-1\" \/>\n<link rel=\"canonical\" href=\"https:\/\/eajpnvirun.eus\/es\/irungo-eaj-pnv-refuerza-la-memoria-institucional-de-1936-con-un-amplio-programa-por-el-90-aniversario\/\" \/>\n<meta property=\"og:locale\" content=\"es_ES\" \/>\n<meta property=\"og:type\" content=\"article\" \/>\n<meta property=\"og:title\" content=\"Irungo EAJ-PNV refuerza la memoria institucional de 1936 - Irungo EAJ-PNV\" \/>\n<meta property=\"og:description\" content=\"El grupo jeltzale reivindica el compromiso adquirido desde el Gobierno municipal para recordar la ocupaci\u00f3n y el asedio de la ciudad\" \/>\n<meta property=\"og:url\" content=\"https:\/\/eajpnvirun.eus\/es\/irungo-eaj-pnv-refuerza-la-memoria-institucional-de-1936-con-un-amplio-programa-por-el-90-aniversario\/\" \/>\n<meta property=\"og:site_name\" content=\"Irungo EAJ-PNV\" \/>\n<meta property=\"article:published_time\" content=\"2026-08-31T12:18:08+00:00\" \/>\n<meta property=\"og:image\" content=\"http:\/\/eajpnvirun.eus\/wp-content\/uploads\/2026\/08\/Copia-de-Cierre-videos.jpg\" \/>\n\t<meta property=\"og:image:width\" content=\"1280\" \/>\n\t<meta property=\"og:image:height\" content=\"720\" \/>\n\t<meta property=\"og:image:type\" content=\"image\/jpeg\" \/>\n<meta name=\"author\" content=\"Irungo EAJ-PNV\" \/>\n<meta name=\"twitter:card\" content=\"summary_large_image\" \/>\n<meta name=\"twitter:label1\" content=\"Escrito por\" \/>\n\t<meta name=\"twitter:data1\" content=\"Irungo EAJ-PNV\" \/>\n\t<meta name=\"twitter:label2\" content=\"Tiempo de lectura\" \/>\n\t<meta name=\"twitter:data2\" content=\"2 minutos\" \/>\n<script type=\"application\/ld+json\" class=\"yoast-schema-graph\">{\"@context\":\"https:\\\/\\\/schema.org\",\"@graph\":[{\"@type\":\"Article\",\"@id\":\"https:\\\/\\\/eajpnvirun.eus\\\/es\\\/irungo-eaj-pnv-refuerza-la-memoria-institucional-de-1936-con-un-amplio-programa-por-el-90-aniversario\\\/#article\",\"isPartOf\":{\"@id\":\"https:\\\/\\\/eajpnvirun.eus\\\/es\\\/irungo-eaj-pnv-refuerza-la-memoria-institucional-de-1936-con-un-amplio-programa-por-el-90-aniversario\\\/\"},\"author\":{\"name\":\"Irungo EAJ-PNV\",\"@id\":\"http:\\\/\\\/eajpnvirun.eus\\\/es\\\/#\\\/schema\\\/person\\\/648df0bc228220ede024617789340904\"},\"headline\":\"Irungo EAJ-PNV refuerza la memoria institucional de 1936 con un amplio programa por el 90 aniversario\",\"datePublished\":\"2026-08-31T12:18:08+00:00\",\"mainEntityOfPage\":{\"@id\":\"https:\\\/\\\/eajpnvirun.eus\\\/es\\\/irungo-eaj-pnv-refuerza-la-memoria-institucional-de-1936-con-un-amplio-programa-por-el-90-aniversario\\\/\"},\"wordCount\":413,\"commentCount\":0,\"image\":{\"@id\":\"https:\\\/\\\/eajpnvirun.eus\\\/es\\\/irungo-eaj-pnv-refuerza-la-memoria-institucional-de-1936-con-un-amplio-programa-por-el-90-aniversario\\\/#primaryimage\"},\"thumbnailUrl\":\"https:\\\/\\\/eajpnvirun.eus\\\/wp-content\\\/uploads\\\/2026\\\/08\\\/Copia-de-Cierre-videos.jpg\",\"articleSection\":[\"Irun\"],\"inLanguage\":\"es\",\"potentialAction\":[{\"@type\":\"CommentAction\",\"name\":\"Comment\",\"target\":[\"https:\\\/\\\/eajpnvirun.eus\\\/es\\\/irungo-eaj-pnv-refuerza-la-memoria-institucional-de-1936-con-un-amplio-programa-por-el-90-aniversario\\\/#respond\"]}]},{\"@type\":\"WebPage\",\"@id\":\"https:\\\/\\\/eajpnvirun.eus\\\/es\\\/irungo-eaj-pnv-refuerza-la-memoria-institucional-de-1936-con-un-amplio-programa-por-el-90-aniversario\\\/\",\"url\":\"https:\\\/\\\/eajpnvirun.eus\\\/es\\\/irungo-eaj-pnv-refuerza-la-memoria-institucional-de-1936-con-un-amplio-programa-por-el-90-aniversario\\\/\",\"name\":\"Irungo EAJ-PNV refuerza la memoria institucional de 1936 - Irungo EAJ-PNV\",\"isPartOf\":{\"@id\":\"http:\\\/\\\/eajpnvirun.eus\\\/es\\\/#website\"},\"primaryImageOfPage\":{\"@id\":\"https:\\\/\\\/eajpnvirun.eus\\\/es\\\/irungo-eaj-pnv-refuerza-la-memoria-institucional-de-1936-con-un-amplio-programa-por-el-90-aniversario\\\/#primaryimage\"},\"image\":{\"@id\":\"https:\\\/\\\/eajpnvirun.eus\\\/es\\\/irungo-eaj-pnv-refuerza-la-memoria-institucional-de-1936-con-un-amplio-programa-por-el-90-aniversario\\\/#primaryimage\"},\"thumbnailUrl\":\"https:\\\/\\\/eajpnvirun.eus\\\/wp-content\\\/uploads\\\/2026\\\/08\\\/Copia-de-Cierre-videos.jpg\",\"datePublished\":\"2026-08-31T12:18:08+00:00\",\"author\":{\"@id\":\"http:\\\/\\\/eajpnvirun.eus\\\/es\\\/#\\\/schema\\\/person\\\/648df0bc228220ede024617789340904\"},\"description\":\"El grupo jeltzale reivindica el compromiso adquirido desde el Gobierno municipal para recordar la ocupaci\u00f3n y el asedio de la ciudad\",\"breadcrumb\":{\"@id\":\"https:\\\/\\\/eajpnvirun.eus\\\/es\\\/irungo-eaj-pnv-refuerza-la-memoria-institucional-de-1936-con-un-amplio-programa-por-el-90-aniversario\\\/#breadcrumb\"},\"inLanguage\":\"es\",\"potentialAction\":[{\"@type\":\"ReadAction\",\"target\":[\"https:\\\/\\\/eajpnvirun.eus\\\/es\\\/irungo-eaj-pnv-refuerza-la-memoria-institucional-de-1936-con-un-amplio-programa-por-el-90-aniversario\\\/\"]}]},{\"@type\":\"ImageObject\",\"inLanguage\":\"es\",\"@id\":\"https:\\\/\\\/eajpnvirun.eus\\\/es\\\/irungo-eaj-pnv-refuerza-la-memoria-institucional-de-1936-con-un-amplio-programa-por-el-90-aniversario\\\/#primaryimage\",\"url\":\"https:\\\/\\\/eajpnvirun.eus\\\/wp-content\\\/uploads\\\/2026\\\/08\\\/Copia-de-Cierre-videos.jpg\",\"contentUrl\":\"https:\\\/\\\/eajpnvirun.eus\\\/wp-content\\\/uploads\\\/2026\\\/08\\\/Copia-de-Cierre-videos.jpg\",\"width\":1280,\"height\":720},{\"@type\":\"BreadcrumbList\",\"@id\":\"https:\\\/\\\/eajpnvirun.eus\\\/es\\\/irungo-eaj-pnv-refuerza-la-memoria-institucional-de-1936-con-un-amplio-programa-por-el-90-aniversario\\\/#breadcrumb\",\"itemListElement\":[{\"@type\":\"ListItem\",\"position\":1,\"name\":\"Portada\",\"item\":\"http:\\\/\\\/eajpnvirun.eus\\\/es\\\/\"},{\"@type\":\"ListItem\",\"position\":2,\"name\":\"Irungo EAJ-PNV refuerza la memoria institucional de 1936 con un amplio programa por el 90 aniversario\"}]},{\"@type\":\"WebSite\",\"@id\":\"http:\\\/\\\/eajpnvirun.eus\\\/es\\\/#website\",\"url\":\"http:\\\/\\\/eajpnvirun.eus\\\/es\\\/\",\"name\":\"Irungo EAJ-PNV\",\"description\":\"Grupo municipal de Irun\",\"potentialAction\":[{\"@type\":\"SearchAction\",\"target\":{\"@type\":\"EntryPoint\",\"urlTemplate\":\"http:\\\/\\\/eajpnvirun.eus\\\/es\\\/?s={search_term_string}\"},\"query-input\":{\"@type\":\"PropertyValueSpecification\",\"valueRequired\":true,\"valueName\":\"search_term_string\"}}],\"inLanguage\":\"es\"},{\"@type\":\"Person\",\"@id\":\"http:\\\/\\\/eajpnvirun.eus\\\/es\\\/#\\\/schema\\\/person\\\/648df0bc228220ede024617789340904\",\"name\":\"Irungo EAJ-PNV\",\"image\":{\"@type\":\"ImageObject\",\"inLanguage\":\"es\",\"@id\":\"https:\\\/\\\/secure.gravatar.com\\\/avatar\\\/e05b380a1351152a24fc7a4404deaf8ecffc395412f5928b047939fba990fdb8?s=96&d=mm&r=g\",\"url\":\"https:\\\/\\\/secure.gravatar.com\\\/avatar\\\/e05b380a1351152a24fc7a4404deaf8ecffc395412f5928b047939fba990fdb8?s=96&d=mm&r=g\",\"contentUrl\":\"https:\\\/\\\/secure.gravatar.com\\\/avatar\\\/e05b380a1351152a24fc7a4404deaf8ecffc395412f5928b047939fba990fdb8?s=96&d=mm&r=g\",\"caption\":\"Irungo EAJ-PNV\"},\"url\":\"https:\\\/\\\/eajpnvirun.eus\\\/es\\\/author\\\/ekaitz\\\/\"}]}<\/script>\n<!-- \/ Yoast SEO plugin. -->","yoast_head_json":{"title":"Irungo EAJ-PNV refuerza la memoria institucional de 1936 - Irungo EAJ-PNV","description":"El grupo jeltzale reivindica el compromiso adquirido desde el Gobierno municipal para recordar la ocupaci\u00f3n y el asedio de la ciudad","robots":{"index":"index","follow":"follow","max-snippet":"max-snippet:-1","max-image-preview":"max-image-preview:large","max-video-preview":"max-video-preview:-1"},"canonical":"https:\/\/eajpnvirun.eus\/es\/irungo-eaj-pnv-refuerza-la-memoria-institucional-de-1936-con-un-amplio-programa-por-el-90-aniversario\/","og_locale":"es_ES","og_type":"article","og_title":"Irungo EAJ-PNV refuerza la memoria institucional de 1936 - Irungo EAJ-PNV","og_description":"El grupo jeltzale reivindica el compromiso adquirido desde el Gobierno municipal para recordar la ocupaci\u00f3n y el asedio de la ciudad","og_url":"https:\/\/eajpnvirun.eus\/es\/irungo-eaj-pnv-refuerza-la-memoria-institucional-de-1936-con-un-amplio-programa-por-el-90-aniversario\/","og_site_name":"Irungo EAJ-PNV","article_published_time":"2026-08-31T12:18:08+00:00","og_image":[{"width":1280,"height":720,"url":"http:\/\/eajpnvirun.eus\/wp-content\/uploads\/2026\/08\/Copia-de-Cierre-videos.jpg","type":"image\/jpeg"}],"author":"Irungo EAJ-PNV","twitter_card":"summary_large_image","twitter_misc":{"Escrito por":"Irungo EAJ-PNV","Tiempo de lectura":"2 minutos"},"schema":{"@context":"https:\/\/schema.org","@graph":[{"@type":"Article","@id":"https:\/\/eajpnvirun.eus\/es\/irungo-eaj-pnv-refuerza-la-memoria-institucional-de-1936-con-un-amplio-programa-por-el-90-aniversario\/#article","isPartOf":{"@id":"https:\/\/eajpnvirun.eus\/es\/irungo-eaj-pnv-refuerza-la-memoria-institucional-de-1936-con-un-amplio-programa-por-el-90-aniversario\/"},"author":{"name":"Irungo EAJ-PNV","@id":"http:\/\/eajpnvirun.eus\/es\/#\/schema\/person\/648df0bc228220ede024617789340904"},"headline":"Irungo EAJ-PNV refuerza la memoria institucional de 1936 con un amplio programa por el 90 aniversario","datePublished":"2026-08-31T12:18:08+00:00","mainEntityOfPage":{"@id":"https:\/\/eajpnvirun.eus\/es\/irungo-eaj-pnv-refuerza-la-memoria-institucional-de-1936-con-un-amplio-programa-por-el-90-aniversario\/"},"wordCount":413,"commentCount":0,"image":{"@id":"https:\/\/eajpnvirun.eus\/es\/irungo-eaj-pnv-refuerza-la-memoria-institucional-de-1936-con-un-amplio-programa-por-el-90-aniversario\/#primaryimage"},"thumbnailUrl":"https:\/\/eajpnvirun.eus\/wp-content\/uploads\/2026\/08\/Copia-de-Cierre-videos.jpg","articleSection":["Irun"],"inLanguage":"es","potentialAction":[{"@type":"CommentAction","name":"Comment","target":["https:\/\/eajpnvirun.eus\/es\/irungo-eaj-pnv-refuerza-la-memoria-institucional-de-1936-con-un-amplio-programa-por-el-90-aniversario\/#respond"]}]},{"@type":"WebPage","@id":"https:\/\/eajpnvirun.eus\/es\/irungo-eaj-pnv-refuerza-la-memoria-institucional-de-1936-con-un-amplio-programa-por-el-90-aniversario\/","url":"https:\/\/eajpnvirun.eus\/es\/irungo-eaj-pnv-refuerza-la-memoria-institucional-de-1936-con-un-amplio-programa-por-el-90-aniversario\/","name":"Irungo EAJ-PNV refuerza la memoria institucional de 1936 - Irungo EAJ-PNV","isPartOf":{"@id":"http:\/\/eajpnvirun.eus\/es\/#website"},"primaryImageOfPage":{"@id":"https:\/\/eajpnvirun.eus\/es\/irungo-eaj-pnv-refuerza-la-memoria-institucional-de-1936-con-un-amplio-programa-por-el-90-aniversario\/#primaryimage"},"image":{"@id":"https:\/\/eajpnvirun.eus\/es\/irungo-eaj-pnv-refuerza-la-memoria-institucional-de-1936-con-un-amplio-programa-por-el-90-aniversario\/#primaryimage"},"thumbnailUrl":"https:\/\/eajpnvirun.eus\/wp-content\/uploads\/2026\/08\/Copia-de-Cierre-videos.jpg","datePublished":"2026-08-31T12:18:08+00:00","author":{"@id":"http:\/\/eajpnvirun.eus\/es\/#\/schema\/person\/648df0bc228220ede024617789340904"},"description":"El grupo jeltzale reivindica el compromiso adquirido desde el Gobierno municipal para recordar la ocupaci\u00f3n y el asedio de la ciudad","breadcrumb":{"@id":"https:\/\/eajpnvirun.eus\/es\/irungo-eaj-pnv-refuerza-la-memoria-institucional-de-1936-con-un-amplio-programa-por-el-90-aniversario\/#breadcrumb"},"inLanguage":"es","potentialAction":[{"@type":"ReadAction","target":["https:\/\/eajpnvirun.eus\/es\/irungo-eaj-pnv-refuerza-la-memoria-institucional-de-1936-con-un-amplio-programa-por-el-90-aniversario\/"]}]},{"@type":"ImageObject","inLanguage":"es","@id":"https:\/\/eajpnvirun.eus\/es\/irungo-eaj-pnv-refuerza-la-memoria-institucional-de-1936-con-un-amplio-programa-por-el-90-aniversario\/#primaryimage","url":"https:\/\/eajpnvirun.eus\/wp-content\/uploads\/2026\/08\/Copia-de-Cierre-videos.jpg","contentUrl":"https:\/\/eajpnvirun.eus\/wp-content\/uploads\/2026\/08\/Copia-de-Cierre-videos.jpg","width":1280,"height":720},{"@type":"BreadcrumbList","@id":"https:\/\/eajpnvirun.eus\/es\/irungo-eaj-pnv-refuerza-la-memoria-institucional-de-1936-con-un-amplio-programa-por-el-90-aniversario\/#breadcrumb","itemListElement":[{"@type":"ListItem","position":1,"name":"Portada","item":"http:\/\/eajpnvirun.eus\/es\/"},{"@type":"ListItem","position":2,"name":"Irungo EAJ-PNV refuerza la memoria institucional de 1936 con un amplio programa por el 90 aniversario"}]},{"@type":"WebSite","@id":"http:\/\/eajpnvirun.eus\/es\/#website","url":"http:\/\/eajpnvirun.eus\/es\/","name":"Irungo EAJ-PNV","description":"Grupo municipal de Irun","potentialAction":[{"@type":"SearchAction","target":{"@type":"EntryPoint","urlTemplate":"http:\/\/eajpnvirun.eus\/es\/?s={search_term_string}"},"query-input":{"@type":"PropertyValueSpecification","valueRequired":true,"valueName":"search_term_string"}}],"inLanguage":"es"},{"@type":"Person","@id":"http:\/\/eajpnvirun.eus\/es\/#\/schema\/person\/648df0bc228220ede024617789340904","name":"Irungo EAJ-PNV","image":{"@type":"ImageObject","inLanguage":"es","@id":"https:\/\/secure.gravatar.com\/avatar\/e05b380a1351152a24fc7a4404deaf8ecffc395412f5928b047939fba990fdb8?s=96&d=mm&r=g","url":"https:\/\/secure.gravatar.com\/avatar\/e05b380a1351152a24fc7a4404deaf8ecffc395412f5928b047939fba990fdb8?s=96&d=mm&r=g","contentUrl":"https:\/\/secure.gravatar.com\/avatar\/e05b380a1351152a24fc7a4404deaf8ecffc395412f5928b047939fba990fdb8?s=96&d=mm&r=g","caption":"Irungo EAJ-PNV"},"url":"https:\/\/eajpnvirun.eus\/es\/author\/ekaitz\/"}]}},"_links":{"self":[{"href":"https:\/\/eajpnvirun.eus\/es\/wp-json\/wp\/v2\/posts\/4296","targetHints":{"allow":["GET"]}}],"collection":[{"href":"https:\/\/eajpnvirun.eus\/es\/wp-json\/wp\/v2\/posts"}],"about":[{"href":"https:\/\/eajpnvirun.eus\/es\/wp-json\/wp\/v2\/types\/post"}],"author":[{"embeddable":true,"href":"https:\/\/eajpnvirun.eus\/es\/wp-json\/wp\/v2\/users\/2"}],"replies":[{"embeddable":true,"href":"https:\/\/eajpnvirun.eus\/es\/wp-json\/wp\/v2\/comments?post=4296"}],"version-history":[{"count":1,"href":"https:\/\/eajpnvirun.eus\/es\/wp-json\/wp\/v2\/posts\/4296\/revisions"}],"predecessor-version":[{"id":4299,"href":"https:\/\/eajpnvirun.eus\/es\/wp-json\/wp\/v2\/posts\/4296\/revisions\/4299"}],"wp:featuredmedia":[{"embeddable":true,"href":"https:\/\/eajpnvirun.eus\/es\/wp-json\/wp\/v2\/media\/4297"}],"wp:attachment":[{"href":"https:\/\/eajpnvirun.eus\/es\/wp-json\/wp\/v2\/media?parent=4296"}],"wp:term":[{"taxonomy":"category","embeddable":true,"href":"https:\/\/eajpnvirun.eus\/es\/wp-json\/wp\/v2\/categories?post=4296"},{"taxonomy":"post_tag","embeddable":true,"href":"https:\/\/eajpnvirun.eus\/es\/wp-json\/wp\/v2\/tags?post=4296"}],"curies":[{"name":"wp","href":"https:\/\/api.w.org\/{rel}","templated":true}]}}